{"id":735,"date":"2022-07-21T15:17:00","date_gmt":"2022-07-21T15:17:00","guid":{"rendered":"https:\/\/www.juliodelarosa.eu\/?p=735"},"modified":"2022-11-08T22:08:16","modified_gmt":"2022-11-08T22:08:16","slug":"its-not-about-the-goal-its-about-the-origin","status":"publish","type":"post","link":"https:\/\/www.juliodelarosa.eu\/es\/its-not-about-the-goal-its-about-the-origin\/","title":{"rendered":"No se trata de la meta, sino del origen."},"content":{"rendered":"<p class=\"has-text-align-left\">Justo dos meses antes de empezar el momento m\u00e1s dif\u00edcil de mi carrera, ped\u00ed a mi empresa un tiempo libre para poder asimilar que no s\u00f3lo voy a trabajar, sino que voy a estudiar un m\u00e1ster durante dos a\u00f1os, todo ello en un idioma que empec\u00e9 a aprender en serio en julio de 2021.&nbsp;<\/p>\n\n\n\n<p class=\"has-text-align-left\">Ha habido muchas veces en mi vida en las que he tenido miedo, pero la diferencia en esta era que tambi\u00e9n ten\u00eda dudas: \u00bfdeber\u00eda realmente reducir mi jornada laboral en un trabajo que est\u00e1 bien pagado y que me gusta? \u00bfDebo realmente pagar casi 20.000 euros por esto? Si quiero dedicarme a mi campo, \u00bfpor qu\u00e9 no aceptar uno de los 4 trabajos que me han ofrecido esta semana?<\/p>\n\n\n\n<p class=\"has-text-align-left\">Con todas estas dudas, hice la maleta, volv\u00ed a casa, abrac\u00e9 a mi madre, saqu\u00e9 al perro a pasear, jugu\u00e9 con mi hermana, visit\u00e9 a mis antiguos compa\u00f1eros de&nbsp;<a href=\"https:\/\/www.linkedin.com\/company\/ecovium\/\">ecovium<\/a>&nbsp;y donde una vez tuve mi propia oficina les dije: Estoy pensando en pasar dos a\u00f1os m\u00e1s trabajando por temporadas, echando de menos un trabajo como el que ten\u00eda aqu\u00ed y el \u00fanico motivo es que siento que tengo que llegar m\u00e1s lejos, que un trabajo bien pagado no me basta, necesito los conocimientos para realmente hacer un cambio all\u00e1 donde vaya. ... todo el mundo lo entendi\u00f3, nadie dud\u00f3 ni un segundo de esta decisi\u00f3n y yo sab\u00eda que si ellos no dudaban, yo tampoco lo har\u00eda.<\/p>\n\n\n\n<p class=\"has-text-align-left\">La respuesta estaba ah\u00ed, estaba en los ojos de mi madre, de mis abuelos, de mi antiguo jefe... Incluso yo mismo se lo hab\u00eda dicho a un amigo cuando me cont\u00f3 que su hermano hab\u00eda muerto hace unos meses y no ve\u00eda ninguna motivaci\u00f3n para seguir haciendo nada: hazlo por la fuente, no por el objetivo.&nbsp;<\/p>\n\n\n\n<p class=\"has-text-align-left\">Hazlo porque el hecho de vivir implica cargar con la responsabilidad de representar y cumplir con todos aquellos que pusieron su esfuerzo para que t\u00fa llegaras lo m\u00e1s lejos posible. Hazlo por todas las noches que tus padres trasnocharon, hazlo por la confianza de tu pareja, hazlo por quien sea que est\u00e9s pensando en este momento. Tienes el deber de enorgullecer a esas personas con tus actos, tienes el deber de llevar la vida que ellos hicieron posible, ser la mejor versi\u00f3n de ti es la \u00fanica forma de devolverles el favor, nunca hubo otra forma, nunca la habr\u00e1.&nbsp;<\/p>\n\n\n\n<p><\/p>","protected":false},"excerpt":{"rendered":"<p>Just two months before starting the most difficult moment of my career, I asked my company for some time off to be able to assimilate the fact that I will not only be working, but also studying a master&#8217;s degree for two years, all in a language that I started to learn in earnest in [&hellip;]<\/p>","protected":false},"author":1,"featured_media":740,"comment_status":"open","ping_status":"open","sticky":false,"template":"","format":"standard","meta":{"_links_to":"","_links_to_target":""},"categories":[28],"tags":[],"_links":{"self":[{"href":"https:\/\/www.juliodelarosa.eu\/es\/wp-json\/wp\/v2\/posts\/735"}],"collection":[{"href":"https:\/\/www.juliodelarosa.eu\/es\/wp-json\/wp\/v2\/posts"}],"about":[{"href":"https:\/\/www.juliodelarosa.eu\/es\/wp-json\/wp\/v2\/types\/post"}],"author":[{"embeddable":true,"href":"https:\/\/www.juliodelarosa.eu\/es\/wp-json\/wp\/v2\/users\/1"}],"replies":[{"embeddable":true,"href":"https:\/\/www.juliodelarosa.eu\/es\/wp-json\/wp\/v2\/comments?post=735"}],"version-history":[{"count":2,"href":"https:\/\/www.juliodelarosa.eu\/es\/wp-json\/wp\/v2\/posts\/735\/revisions"}],"predecessor-version":[{"id":739,"href":"https:\/\/www.juliodelarosa.eu\/es\/wp-json\/wp\/v2\/posts\/735\/revisions\/739"}],"wp:featuredmedia":[{"embeddable":true,"href":"https:\/\/www.juliodelarosa.eu\/es\/wp-json\/wp\/v2\/media\/740"}],"wp:attachment":[{"href":"https:\/\/www.juliodelarosa.eu\/es\/wp-json\/wp\/v2\/media?parent=735"}],"wp:term":[{"taxonomy":"category","embeddable":true,"href":"https:\/\/www.juliodelarosa.eu\/es\/wp-json\/wp\/v2\/categories?post=735"},{"taxonomy":"post_tag","embeddable":true,"href":"https:\/\/www.juliodelarosa.eu\/es\/wp-json\/wp\/v2\/tags?post=735"}],"curies":[{"name":"wp","href":"https:\/\/api.w.org\/{rel}","templated":true}]}}