{"id":822,"date":"2022-11-11T22:35:34","date_gmt":"2022-11-11T22:35:34","guid":{"rendered":"https:\/\/www.juliodelarosa.eu\/?p=822"},"modified":"2022-11-15T01:05:31","modified_gmt":"2022-11-15T01:05:31","slug":"comparison-between-the-socio-economic-models-of-spain-and-ireland-over-the-last-thirty-years","status":"publish","type":"post","link":"https:\/\/www.juliodelarosa.eu\/es\/comparison-between-the-socio-economic-models-of-spain-and-ireland-over-the-last-thirty-years\/","title":{"rendered":"Comparaci\u00f3n socioecon\u00f3mica entre Irlanda y Espa\u00f1a."},"content":{"rendered":"<div data-elementor-type=\"wp-post\" data-elementor-id=\"822\" class=\"elementor elementor-822\" data-elementor-settings=\"[]\">\n\t\t\t\t\t\t\t<div class=\"elementor-section-wrap\">\n\t\t\t\t\t\t\t<section class=\"elementor-section elementor-top-section elementor-element elementor-element-32d04477 elementor-section-boxed elementor-section-height-default elementor-section-height-default\" data-id=\"32d04477\" data-element_type=\"section\">\n\t\t\t\t\t\t<div class=\"elementor-container elementor-column-gap-default\">\n\t\t\t\t\t<div class=\"elementor-column elementor-col-100 elementor-top-column elementor-element elementor-element-38c398b7\" data-id=\"38c398b7\" data-element_type=\"column\">\n\t\t\t<div class=\"elementor-widget-wrap elementor-element-populated\">\n\t\t\t\t\t\t\t\t<div class=\"elementor-element elementor-element-30d62a68 elementor-widget elementor-widget-text-editor\" data-id=\"30d62a68\" data-element_type=\"widget\" data-widget_type=\"text-editor.default\">\n\t\t\t\t<div class=\"elementor-widget-container\">\n\t\t\t\t\t\t\t<p><!-- wp:paragraph --><!-- \/wp:paragraph --><!-- wp:paragraph --><\/p>\n<p>Si me conoces un poco, sabr\u00e1s que soy un espa\u00f1ol que vive en Irlanda. Por este motivo y debido a mi campo de estudio, es habitual encontrarme con personas que est\u00e1n planeando mudarse de uno de estos pa\u00edses al otro y me preguntan sobre diferentes aspectos econ\u00f3micos o sociales del pa\u00eds de destino, especialmente en relaci\u00f3n con su pa\u00eds de origen.<\/p>\n<p>Con el \u00e1nimo de ayudar a las personas que se encuentran en esta situaci\u00f3n, adem\u00e1s de contribuir a la comunidad acad\u00e9mica, hago p\u00fablico mi proyecto de fin de carrera aprobado por la Universidad de La Laguna en julio de 2021. Se titula Comparaci\u00f3n entre los modelos socioecon\u00f3micos de Espa\u00f1a e Irlanda en los \u00faltimos treinta a\u00f1os: \"El tigre celta y el cerdo de la UE\".<\/p>\n<p>A continuaci\u00f3n se adjuntan dos documentos: a la izquierda, el documento original en espa\u00f1ol y a la derecha, el documento traducido al ingl\u00e9s. Para cualquier informaci\u00f3n adicional, no duden en publicar un comentario o escribirme de forma an\u00f3nima haciendo clic\u00a0<a style=\"background-color: #ffffff;\" href=\"https:\/\/www.juliodelarosa.eu\/es\/contact-me\/\">aqu\u00ed<\/a>.<\/p>\n<p><!-- \/wp:paragraph --><\/p>\t\t\t\t\t\t<\/div>\n\t\t\t\t<\/div>\n\t\t\t\t\t<\/div>\n\t\t<\/div>\n\t\t\t\t\t\t\t<\/div>\n\t\t<\/section>\n\t\t\t\t<section class=\"elementor-section elementor-top-section elementor-element elementor-element-38bac5e elementor-section-boxed elementor-section-height-default elementor-section-height-default\" data-id=\"38bac5e\" data-element_type=\"section\">\n\t\t\t\t\t\t<div class=\"elementor-container elementor-column-gap-default\">\n\t\t\t\t\t<div class=\"elementor-column elementor-col-50 elementor-top-column elementor-element elementor-element-701c8fe\" data-id=\"701c8fe\" data-element_type=\"column\">\n\t\t\t<div class=\"elementor-widget-wrap elementor-element-populated\">\n\t\t\t\t\t\t\t\t<div class=\"elementor-element elementor-element-e732b65 elementor-widget elementor-widget-bae-pdf-native-embedder\" data-id=\"e732b65\" data-element_type=\"widget\" data-widget_type=\"bae-pdf-native-embedder.default\">\n\t\t\t\t<div class=\"elementor-widget-container\">\n\t\t\t\t\t<div class =\"native_style\">\n\t\t\t\t\t        <h3>Documento en espa\u00f1ol<\/h3>\n\t\t          \t\t<div class=\"download\">\n\t\t\t\t\t\t        \t<a download href=\"https:\/\/www.juliodelarosa.eu\/wp-content\/uploads\/2022\/11\/ES-RosaLobato-JulioJoseDeLa_GADE_Junio2021.pdf\" target=\"_blank\"><button class=\"bbutton-bottom\">Download PDF<\/button><\/a>\n\t     \t\t\t\t\t<\/div>\n\t\t<\/div>\n\t\t\t\t<div class=\"my_native\">\n\t\t\t<iframe src=\"https:\/\/www.juliodelarosa.eu\/wp-content\/uploads\/2022\/11\/ES-RosaLobato-JulioJoseDeLa_GADE_Junio2021.pdf\"><\/iframe>\n\t\t<\/div>\n\t\t\t<\/div>\n\t\t\t\t<\/div>\n\t\t\t\t\t<\/div>\n\t\t<\/div>\n\t\t\t\t<div class=\"elementor-column elementor-col-50 elementor-top-column elementor-element elementor-element-e239d95\" data-id=\"e239d95\" data-element_type=\"column\">\n\t\t\t<div class=\"elementor-widget-wrap elementor-element-populated\">\n\t\t\t\t\t\t\t\t<div class=\"elementor-element elementor-element-94684cf elementor-widget elementor-widget-bae-pdf-native-embedder\" data-id=\"94684cf\" data-element_type=\"widget\" data-widget_type=\"bae-pdf-native-embedder.default\">\n\t\t\t\t<div class=\"elementor-widget-container\">\n\t\t\t\t\t<div class =\"native_style\">\n\t\t\t\t\t        <h3>Documento en ingl\u00e9s<\/h3>\n\t\t          \t\t<div class=\"download\">\n\t\t\t\t\t\t        \t<a download href=\"https:\/\/www.juliodelarosa.eu\/wp-content\/uploads\/2022\/11\/EN-RosaLobato-JulioJoseDeLa_GADE_Junio2021.pdf\" target=\"_blank\"><button class=\"bbutton-bottom\">Download PDF<\/button><\/a>\n\t     \t\t\t\t\t<\/div>\n\t\t<\/div>\n\t\t\t\t<div class=\"my_native\">\n\t\t\t<iframe src=\"https:\/\/www.juliodelarosa.eu\/wp-content\/uploads\/2022\/11\/EN-RosaLobato-JulioJoseDeLa_GADE_Junio2021.pdf\"><\/iframe>\n\t\t<\/div>\n\t\t\t<\/div>\n\t\t\t\t<\/div>\n\t\t\t\t\t<\/div>\n\t\t<\/div>\n\t\t\t\t\t\t\t<\/div>\n\t\t<\/section>\n\t\t\t\t\t\t<\/div>\n\t\t\t\t\t<\/div>","protected":false},"excerpt":{"rendered":"<p>If you know me a little, you will know that I am a Spaniard living in Ireland. For this reason and due to my field of study, it is common to meet people who are planning to move from one of these countries to the other and ask me about different economic or social aspects [&hellip;]<\/p>","protected":false},"author":1,"featured_media":834,"comment_status":"open","ping_status":"open","sticky":false,"template":"","format":"standard","meta":{"_links_to":"","_links_to_target":""},"categories":[29],"tags":[],"_links":{"self":[{"href":"https:\/\/www.juliodelarosa.eu\/es\/wp-json\/wp\/v2\/posts\/822"}],"collection":[{"href":"https:\/\/www.juliodelarosa.eu\/es\/wp-json\/wp\/v2\/posts"}],"about":[{"href":"https:\/\/www.juliodelarosa.eu\/es\/wp-json\/wp\/v2\/types\/post"}],"author":[{"embeddable":true,"href":"https:\/\/www.juliodelarosa.eu\/es\/wp-json\/wp\/v2\/users\/1"}],"replies":[{"embeddable":true,"href":"https:\/\/www.juliodelarosa.eu\/es\/wp-json\/wp\/v2\/comments?post=822"}],"version-history":[{"count":18,"href":"https:\/\/www.juliodelarosa.eu\/es\/wp-json\/wp\/v2\/posts\/822\/revisions"}],"predecessor-version":[{"id":866,"href":"https:\/\/www.juliodelarosa.eu\/es\/wp-json\/wp\/v2\/posts\/822\/revisions\/866"}],"wp:featuredmedia":[{"embeddable":true,"href":"https:\/\/www.juliodelarosa.eu\/es\/wp-json\/wp\/v2\/media\/834"}],"wp:attachment":[{"href":"https:\/\/www.juliodelarosa.eu\/es\/wp-json\/wp\/v2\/media?parent=822"}],"wp:term":[{"taxonomy":"category","embeddable":true,"href":"https:\/\/www.juliodelarosa.eu\/es\/wp-json\/wp\/v2\/categories?post=822"},{"taxonomy":"post_tag","embeddable":true,"href":"https:\/\/www.juliodelarosa.eu\/es\/wp-json\/wp\/v2\/tags?post=822"}],"curies":[{"name":"wp","href":"https:\/\/api.w.org\/{rel}","templated":true}]}}